{"id":16339,"date":"2025-10-22T06:50:36","date_gmt":"2025-10-22T06:50:36","guid":{"rendered":"https:\/\/iris-cc.cat\/liris-cc-assisteix-al-sopar-solidari-osona-contra-el-cancer-2025"},"modified":"2025-10-22T06:50:36","modified_gmt":"2025-10-22T06:50:36","slug":"liris-cc-assisteix-al-sopar-solidari-osona-contra-el-cancer-2025","status":"publish","type":"post","link":"https:\/\/iris-cc.cat\/en\/liris-cc-assisteix-al-sopar-solidari-osona-contra-el-cancer-2025","title":{"rendered":"L&#8217;IRIS-CC assisteix al Sopar solidari Osona contra el C\u00e0ncer 2025"},"content":{"rendered":"<p><img fetchpriority=\"high\" decoding=\"async\" class=\"alignnone size-medium wp-image-16316\" src=\"https:\/\/iris-cc.cat\/wp-content\/uploads\/2025\/10\/SoparOO202510417-300x224.jpeg\" alt=\"\" width=\"300\" height=\"224\" srcset=\"https:\/\/iris-cc.cat\/wp-content\/uploads\/2025\/10\/SoparOO202510417-300x224.jpeg 300w, https:\/\/iris-cc.cat\/wp-content\/uploads\/2025\/10\/SoparOO202510417-768x572.jpeg 768w, https:\/\/iris-cc.cat\/wp-content\/uploads\/2025\/10\/SoparOO202510417.jpeg 946w\" sizes=\"(max-width: 300px) 100vw, 300px\" \/><\/p>\n<p>El divendres, 17 d&#8217;octubre, ha tingut lloc la Trobada anual d&#8217;<a href=\"https:\/\/osonacontraelcancer.cat\/\">Osona contra el C\u00e0ncer<\/a>,\u00a0 a la qual hi\u00a0han assistit el president de l&#8217;IRIS-CC, Josep Eladi Ba\u00f1os, i el director de l&#8217;institut, Jos\u00e9 Jer\u00f3nimo Navas.<\/p>\n<p>La trobada anual d&#8217;Osona contra el C\u00e0ncer \u00e9s una celebraci\u00f3 ben\u00e8fica, d&#8217;\u00e0mbit comarcal (Osona). En primer lloc, l&#8217;Auditori del Sucre ha acollit la confer\u00e8ncia \u201c<strong>Innovaci\u00f3 i Cirurgia<\/strong>\u201c\u00a0a c\u00e0rrec del\u00a0<strong>Dr. Antonio M. de Lacy,\u00a0<\/strong>especialista en cirurgia gastrointestinal amb t\u00e8cniques m\u00ednimament invasives; i posteriroment, el sopar, que ha comptat amb l&#8217;assist\u00e8ncia d&#8217;un miler de persones i que ha tingut lloc al Recinte Firal.<\/p>\n<p>Osona contra el C\u00e0ncer forma part del Patronat de l&#8217;IRIS-CC, amb la pres\u00e8ncia del vocal de la junta de l&#8217;entitat, Josep Fabreg\u00f3, com a membre del Patronat.<\/p>\n","protected":false},"excerpt":{"rendered":"<p>El divendres, 17 d&#8217;octubre, ha tingut lloc la Trobada anual d&#8217;Osona contra el C\u00e0ncer,\u00a0 a la qual hi\u00a0han assistit el president de l&#8217;IRIS-CC, Josep Eladi Ba\u00f1os, i el director de l&#8217;institut, Jos\u00e9 Jer\u00f3nimo Navas. La trobada anual d&#8217;Osona contra el C\u00e0ncer \u00e9s una celebraci\u00f3 ben\u00e8fica, d&#8217;\u00e0mbit comarcal (Osona). En primer lloc, l&#8217;Auditori del Sucre ha&hellip;<\/p>\n","protected":false},"author":5,"featured_media":0,"comment_status":"closed","ping_status":"closed","sticky":false,"template":"","format":"standard","meta":{"footnotes":""},"categories":[42],"tags":[],"class_list":["post-16339","post","type-post","status-publish","format-standard","hentry","category-uncategorized","category-42","description-off"],"yoast_head":"<!-- This site is optimized with the Yoast SEO plugin v23.9 - https:\/\/yoast.com\/wordpress\/plugins\/seo\/ -->\n<title>L&#039;IRIS-CC assisteix al Sopar solidari Osona contra el C\u00e0ncer 2025 - IRIS-CC<\/title>\n<meta name=\"robots\" content=\"index, follow, max-snippet:-1, max-image-preview:large, max-video-preview:-1\" \/>\n<link rel=\"canonical\" href=\"https:\/\/iris-cc.cat\/en\/liris-cc-assisteix-al-sopar-solidari-osona-contra-el-cancer-2025\" \/>\n<meta property=\"og:locale\" content=\"en_US\" \/>\n<meta property=\"og:type\" content=\"article\" \/>\n<meta property=\"og:title\" content=\"L&#039;IRIS-CC assisteix al Sopar solidari Osona contra el C\u00e0ncer 2025 - IRIS-CC\" \/>\n<meta property=\"og:description\" content=\"El divendres, 17 d&#8217;octubre, ha tingut lloc la Trobada anual d&#8217;Osona contra el C\u00e0ncer,\u00a0 a la qual hi\u00a0han assistit el president de l&#8217;IRIS-CC, Josep Eladi Ba\u00f1os, i el director de l&#8217;institut, Jos\u00e9 Jer\u00f3nimo Navas. La trobada anual d&#8217;Osona contra el C\u00e0ncer \u00e9s una celebraci\u00f3 ben\u00e8fica, d&#8217;\u00e0mbit comarcal (Osona). En primer lloc, l&#8217;Auditori del Sucre ha&hellip;\" \/>\n<meta property=\"og:url\" content=\"https:\/\/iris-cc.cat\/en\/liris-cc-assisteix-al-sopar-solidari-osona-contra-el-cancer-2025\" \/>\n<meta property=\"og:site_name\" content=\"IRIS-CC\" \/>\n<meta property=\"article:published_time\" content=\"2025-10-22T06:50:36+00:00\" \/>\n<meta property=\"og:image\" content=\"https:\/\/iris-cc.cat\/wp-content\/uploads\/2025\/10\/SoparOO202510417.jpeg\" \/>\n\t<meta property=\"og:image:width\" content=\"946\" \/>\n\t<meta property=\"og:image:height\" content=\"705\" \/>\n\t<meta property=\"og:image:type\" content=\"image\/jpeg\" \/>\n<meta name=\"author\" content=\"Secretaria de Direcci\u00f3\" \/>\n<meta name=\"twitter:card\" content=\"summary_large_image\" \/>\n<meta name=\"twitter:label1\" content=\"Written by\" \/>\n\t<meta name=\"twitter:data1\" content=\"Secretaria de Direcci\u00f3\" \/>\n\t<meta name=\"twitter:label2\" content=\"Est. reading time\" \/>\n\t<meta name=\"twitter:data2\" content=\"1 minute\" \/>\n<script type=\"application\/ld+json\" class=\"yoast-schema-graph\">{\"@context\":\"https:\/\/schema.org\",\"@graph\":[{\"@type\":\"Article\",\"@id\":\"https:\/\/iris-cc.cat\/en\/liris-cc-assisteix-al-sopar-solidari-osona-contra-el-cancer-2025#article\",\"isPartOf\":{\"@id\":\"https:\/\/iris-cc.cat\/en\/liris-cc-assisteix-al-sopar-solidari-osona-contra-el-cancer-2025\"},\"author\":{\"name\":\"Secretaria de Direcci\u00f3\",\"@id\":\"https:\/\/iris-cc.cat\/en#\/schema\/person\/3070e86e13096e651b626277ab9c2d8f\"},\"headline\":\"L&#8217;IRIS-CC assisteix al Sopar solidari Osona contra el C\u00e0ncer 2025\",\"datePublished\":\"2025-10-22T06:50:36+00:00\",\"dateModified\":\"2025-10-22T06:50:36+00:00\",\"mainEntityOfPage\":{\"@id\":\"https:\/\/iris-cc.cat\/en\/liris-cc-assisteix-al-sopar-solidari-osona-contra-el-cancer-2025\"},\"wordCount\":159,\"publisher\":{\"@id\":\"https:\/\/iris-cc.cat\/en#organization\"},\"image\":{\"@id\":\"https:\/\/iris-cc.cat\/en\/liris-cc-assisteix-al-sopar-solidari-osona-contra-el-cancer-2025#primaryimage\"},\"thumbnailUrl\":\"https:\/\/iris-cc.cat\/wp-content\/uploads\/2025\/10\/SoparOO202510417-300x224.jpeg\",\"articleSection\":[\"Internal News\"],\"inLanguage\":\"en-US\"},{\"@type\":\"WebPage\",\"@id\":\"https:\/\/iris-cc.cat\/en\/liris-cc-assisteix-al-sopar-solidari-osona-contra-el-cancer-2025\",\"url\":\"https:\/\/iris-cc.cat\/en\/liris-cc-assisteix-al-sopar-solidari-osona-contra-el-cancer-2025\",\"name\":\"L'IRIS-CC assisteix al Sopar solidari Osona contra el C\u00e0ncer 2025 - IRIS-CC\",\"isPartOf\":{\"@id\":\"https:\/\/iris-cc.cat\/en#website\"},\"primaryImageOfPage\":{\"@id\":\"https:\/\/iris-cc.cat\/en\/liris-cc-assisteix-al-sopar-solidari-osona-contra-el-cancer-2025#primaryimage\"},\"image\":{\"@id\":\"https:\/\/iris-cc.cat\/en\/liris-cc-assisteix-al-sopar-solidari-osona-contra-el-cancer-2025#primaryimage\"},\"thumbnailUrl\":\"https:\/\/iris-cc.cat\/wp-content\/uploads\/2025\/10\/SoparOO202510417-300x224.jpeg\",\"datePublished\":\"2025-10-22T06:50:36+00:00\",\"dateModified\":\"2025-10-22T06:50:36+00:00\",\"breadcrumb\":{\"@id\":\"https:\/\/iris-cc.cat\/en\/liris-cc-assisteix-al-sopar-solidari-osona-contra-el-cancer-2025#breadcrumb\"},\"inLanguage\":\"en-US\",\"potentialAction\":[{\"@type\":\"ReadAction\",\"target\":[\"https:\/\/iris-cc.cat\/en\/liris-cc-assisteix-al-sopar-solidari-osona-contra-el-cancer-2025\"]}]},{\"@type\":\"ImageObject\",\"inLanguage\":\"en-US\",\"@id\":\"https:\/\/iris-cc.cat\/en\/liris-cc-assisteix-al-sopar-solidari-osona-contra-el-cancer-2025#primaryimage\",\"url\":\"https:\/\/iris-cc.cat\/wp-content\/uploads\/2025\/10\/SoparOO202510417-300x224.jpeg\",\"contentUrl\":\"https:\/\/iris-cc.cat\/wp-content\/uploads\/2025\/10\/SoparOO202510417-300x224.jpeg\"},{\"@type\":\"BreadcrumbList\",\"@id\":\"https:\/\/iris-cc.cat\/en\/liris-cc-assisteix-al-sopar-solidari-osona-contra-el-cancer-2025#breadcrumb\",\"itemListElement\":[{\"@type\":\"ListItem\",\"position\":1,\"name\":\"Inici\",\"item\":\"https:\/\/iris-cc.cat\/en\"},{\"@type\":\"ListItem\",\"position\":2,\"name\":\"L&#8217;IRIS-CC assisteix al Sopar solidari Osona contra el C\u00e0ncer 2025\"}]},{\"@type\":\"WebSite\",\"@id\":\"https:\/\/iris-cc.cat\/en#website\",\"url\":\"https:\/\/iris-cc.cat\/en\",\"name\":\"IRIS-CC\",\"description\":\"Institut de Recerca i Innovaci\u00f3 en Ci\u00e8ncies de la Vida i de la Salut a la Catalunya Central\",\"publisher\":{\"@id\":\"https:\/\/iris-cc.cat\/en#organization\"},\"potentialAction\":[{\"@type\":\"SearchAction\",\"target\":{\"@type\":\"EntryPoint\",\"urlTemplate\":\"https:\/\/iris-cc.cat\/en?s={search_term_string}\"},\"query-input\":{\"@type\":\"PropertyValueSpecification\",\"valueRequired\":true,\"valueName\":\"search_term_string\"}}],\"inLanguage\":\"en-US\"},{\"@type\":\"Organization\",\"@id\":\"https:\/\/iris-cc.cat\/en#organization\",\"name\":\"Institut de Recerca i Innovaci\u00f3 en Ci\u00e8ncies de la Vida i de la Salut a la Catalunya Central\",\"url\":\"https:\/\/iris-cc.cat\/en\",\"logo\":{\"@type\":\"ImageObject\",\"inLanguage\":\"en-US\",\"@id\":\"https:\/\/iris-cc.cat\/en#\/schema\/logo\/image\/\",\"url\":\"https:\/\/iris-cc.cat\/wp-content\/uploads\/2022\/08\/iris-cc-logo.png\",\"contentUrl\":\"https:\/\/iris-cc.cat\/wp-content\/uploads\/2022\/08\/iris-cc-logo.png\",\"width\":628,\"height\":172,\"caption\":\"Institut de Recerca i Innovaci\u00f3 en Ci\u00e8ncies de la Vida i de la Salut a la Catalunya Central\"},\"image\":{\"@id\":\"https:\/\/iris-cc.cat\/en#\/schema\/logo\/image\/\"}},{\"@type\":\"Person\",\"@id\":\"https:\/\/iris-cc.cat\/en#\/schema\/person\/3070e86e13096e651b626277ab9c2d8f\",\"name\":\"Secretaria de Direcci\u00f3\",\"image\":{\"@type\":\"ImageObject\",\"inLanguage\":\"en-US\",\"@id\":\"https:\/\/iris-cc.cat\/en#\/schema\/person\/image\/\",\"url\":\"https:\/\/secure.gravatar.com\/avatar\/34515ea148e438ba89ceff4648387cb687d68fc661b990db8afdd87bbdd1d000?s=96&d=mm&r=g\",\"contentUrl\":\"https:\/\/secure.gravatar.com\/avatar\/34515ea148e438ba89ceff4648387cb687d68fc661b990db8afdd87bbdd1d000?s=96&d=mm&r=g\",\"caption\":\"Secretaria de Direcci\u00f3\"}}]}<\/script>\n<!-- \/ Yoast SEO plugin. -->","yoast_head_json":{"title":"L'IRIS-CC assisteix al Sopar solidari Osona contra el C\u00e0ncer 2025 - IRIS-CC","robots":{"index":"index","follow":"follow","max-snippet":"max-snippet:-1","max-image-preview":"max-image-preview:large","max-video-preview":"max-video-preview:-1"},"canonical":"https:\/\/iris-cc.cat\/en\/liris-cc-assisteix-al-sopar-solidari-osona-contra-el-cancer-2025","og_locale":"en_US","og_type":"article","og_title":"L'IRIS-CC assisteix al Sopar solidari Osona contra el C\u00e0ncer 2025 - IRIS-CC","og_description":"El divendres, 17 d&#8217;octubre, ha tingut lloc la Trobada anual d&#8217;Osona contra el C\u00e0ncer,\u00a0 a la qual hi\u00a0han assistit el president de l&#8217;IRIS-CC, Josep Eladi Ba\u00f1os, i el director de l&#8217;institut, Jos\u00e9 Jer\u00f3nimo Navas. La trobada anual d&#8217;Osona contra el C\u00e0ncer \u00e9s una celebraci\u00f3 ben\u00e8fica, d&#8217;\u00e0mbit comarcal (Osona). En primer lloc, l&#8217;Auditori del Sucre ha&hellip;","og_url":"https:\/\/iris-cc.cat\/en\/liris-cc-assisteix-al-sopar-solidari-osona-contra-el-cancer-2025","og_site_name":"IRIS-CC","article_published_time":"2025-10-22T06:50:36+00:00","og_image":[{"width":946,"height":705,"url":"https:\/\/iris-cc.cat\/wp-content\/uploads\/2025\/10\/SoparOO202510417.jpeg","type":"image\/jpeg"}],"author":"Secretaria de Direcci\u00f3","twitter_card":"summary_large_image","twitter_misc":{"Written by":"Secretaria de Direcci\u00f3","Est. reading time":"1 minute"},"schema":{"@context":"https:\/\/schema.org","@graph":[{"@type":"Article","@id":"https:\/\/iris-cc.cat\/en\/liris-cc-assisteix-al-sopar-solidari-osona-contra-el-cancer-2025#article","isPartOf":{"@id":"https:\/\/iris-cc.cat\/en\/liris-cc-assisteix-al-sopar-solidari-osona-contra-el-cancer-2025"},"author":{"name":"Secretaria de Direcci\u00f3","@id":"https:\/\/iris-cc.cat\/en#\/schema\/person\/3070e86e13096e651b626277ab9c2d8f"},"headline":"L&#8217;IRIS-CC assisteix al Sopar solidari Osona contra el C\u00e0ncer 2025","datePublished":"2025-10-22T06:50:36+00:00","dateModified":"2025-10-22T06:50:36+00:00","mainEntityOfPage":{"@id":"https:\/\/iris-cc.cat\/en\/liris-cc-assisteix-al-sopar-solidari-osona-contra-el-cancer-2025"},"wordCount":159,"publisher":{"@id":"https:\/\/iris-cc.cat\/en#organization"},"image":{"@id":"https:\/\/iris-cc.cat\/en\/liris-cc-assisteix-al-sopar-solidari-osona-contra-el-cancer-2025#primaryimage"},"thumbnailUrl":"https:\/\/iris-cc.cat\/wp-content\/uploads\/2025\/10\/SoparOO202510417-300x224.jpeg","articleSection":["Internal News"],"inLanguage":"en-US"},{"@type":"WebPage","@id":"https:\/\/iris-cc.cat\/en\/liris-cc-assisteix-al-sopar-solidari-osona-contra-el-cancer-2025","url":"https:\/\/iris-cc.cat\/en\/liris-cc-assisteix-al-sopar-solidari-osona-contra-el-cancer-2025","name":"L'IRIS-CC assisteix al Sopar solidari Osona contra el C\u00e0ncer 2025 - IRIS-CC","isPartOf":{"@id":"https:\/\/iris-cc.cat\/en#website"},"primaryImageOfPage":{"@id":"https:\/\/iris-cc.cat\/en\/liris-cc-assisteix-al-sopar-solidari-osona-contra-el-cancer-2025#primaryimage"},"image":{"@id":"https:\/\/iris-cc.cat\/en\/liris-cc-assisteix-al-sopar-solidari-osona-contra-el-cancer-2025#primaryimage"},"thumbnailUrl":"https:\/\/iris-cc.cat\/wp-content\/uploads\/2025\/10\/SoparOO202510417-300x224.jpeg","datePublished":"2025-10-22T06:50:36+00:00","dateModified":"2025-10-22T06:50:36+00:00","breadcrumb":{"@id":"https:\/\/iris-cc.cat\/en\/liris-cc-assisteix-al-sopar-solidari-osona-contra-el-cancer-2025#breadcrumb"},"inLanguage":"en-US","potentialAction":[{"@type":"ReadAction","target":["https:\/\/iris-cc.cat\/en\/liris-cc-assisteix-al-sopar-solidari-osona-contra-el-cancer-2025"]}]},{"@type":"ImageObject","inLanguage":"en-US","@id":"https:\/\/iris-cc.cat\/en\/liris-cc-assisteix-al-sopar-solidari-osona-contra-el-cancer-2025#primaryimage","url":"https:\/\/iris-cc.cat\/wp-content\/uploads\/2025\/10\/SoparOO202510417-300x224.jpeg","contentUrl":"https:\/\/iris-cc.cat\/wp-content\/uploads\/2025\/10\/SoparOO202510417-300x224.jpeg"},{"@type":"BreadcrumbList","@id":"https:\/\/iris-cc.cat\/en\/liris-cc-assisteix-al-sopar-solidari-osona-contra-el-cancer-2025#breadcrumb","itemListElement":[{"@type":"ListItem","position":1,"name":"Inici","item":"https:\/\/iris-cc.cat\/en"},{"@type":"ListItem","position":2,"name":"L&#8217;IRIS-CC assisteix al Sopar solidari Osona contra el C\u00e0ncer 2025"}]},{"@type":"WebSite","@id":"https:\/\/iris-cc.cat\/en#website","url":"https:\/\/iris-cc.cat\/en","name":"IRIS-CC","description":"Institut de Recerca i Innovaci\u00f3 en Ci\u00e8ncies de la Vida i de la Salut a la Catalunya Central","publisher":{"@id":"https:\/\/iris-cc.cat\/en#organization"},"potentialAction":[{"@type":"SearchAction","target":{"@type":"EntryPoint","urlTemplate":"https:\/\/iris-cc.cat\/en?s={search_term_string}"},"query-input":{"@type":"PropertyValueSpecification","valueRequired":true,"valueName":"search_term_string"}}],"inLanguage":"en-US"},{"@type":"Organization","@id":"https:\/\/iris-cc.cat\/en#organization","name":"Institut de Recerca i Innovaci\u00f3 en Ci\u00e8ncies de la Vida i de la Salut a la Catalunya Central","url":"https:\/\/iris-cc.cat\/en","logo":{"@type":"ImageObject","inLanguage":"en-US","@id":"https:\/\/iris-cc.cat\/en#\/schema\/logo\/image\/","url":"https:\/\/iris-cc.cat\/wp-content\/uploads\/2022\/08\/iris-cc-logo.png","contentUrl":"https:\/\/iris-cc.cat\/wp-content\/uploads\/2022\/08\/iris-cc-logo.png","width":628,"height":172,"caption":"Institut de Recerca i Innovaci\u00f3 en Ci\u00e8ncies de la Vida i de la Salut a la Catalunya Central"},"image":{"@id":"https:\/\/iris-cc.cat\/en#\/schema\/logo\/image\/"}},{"@type":"Person","@id":"https:\/\/iris-cc.cat\/en#\/schema\/person\/3070e86e13096e651b626277ab9c2d8f","name":"Secretaria de Direcci\u00f3","image":{"@type":"ImageObject","inLanguage":"en-US","@id":"https:\/\/iris-cc.cat\/en#\/schema\/person\/image\/","url":"https:\/\/secure.gravatar.com\/avatar\/34515ea148e438ba89ceff4648387cb687d68fc661b990db8afdd87bbdd1d000?s=96&d=mm&r=g","contentUrl":"https:\/\/secure.gravatar.com\/avatar\/34515ea148e438ba89ceff4648387cb687d68fc661b990db8afdd87bbdd1d000?s=96&d=mm&r=g","caption":"Secretaria de Direcci\u00f3"}}]}},"_links":{"self":[{"href":"https:\/\/iris-cc.cat\/en\/wp-json\/wp\/v2\/posts\/16339","targetHints":{"allow":["GET"]}}],"collection":[{"href":"https:\/\/iris-cc.cat\/en\/wp-json\/wp\/v2\/posts"}],"about":[{"href":"https:\/\/iris-cc.cat\/en\/wp-json\/wp\/v2\/types\/post"}],"author":[{"embeddable":true,"href":"https:\/\/iris-cc.cat\/en\/wp-json\/wp\/v2\/users\/5"}],"replies":[{"embeddable":true,"href":"https:\/\/iris-cc.cat\/en\/wp-json\/wp\/v2\/comments?post=16339"}],"version-history":[{"count":0,"href":"https:\/\/iris-cc.cat\/en\/wp-json\/wp\/v2\/posts\/16339\/revisions"}],"wp:attachment":[{"href":"https:\/\/iris-cc.cat\/en\/wp-json\/wp\/v2\/media?parent=16339"}],"wp:term":[{"taxonomy":"category","embeddable":true,"href":"https:\/\/iris-cc.cat\/en\/wp-json\/wp\/v2\/categories?post=16339"},{"taxonomy":"post_tag","embeddable":true,"href":"https:\/\/iris-cc.cat\/en\/wp-json\/wp\/v2\/tags?post=16339"}],"curies":[{"name":"wp","href":"https:\/\/api.w.org\/{rel}","templated":true}]}}